{"id":18,"__str__":"Projeto de Lei Ordin\u00e1ria n\u00ba 74 de 2013","link_detail_backend":"/materia/18","metadata":{},"numero":74,"ano":2013,"numero_protocolo":null,"data_apresentacao":"2013-07-10","tipo_apresentacao":"E","data_publicacao":null,"numero_origem_externa":"","ano_origem_externa":null,"data_origem_externa":null,"apelido":"","dias_prazo":null,"data_fim_prazo":null,"em_tramitacao":false,"polemica":null,"objeto":"","complementar":null,"ementa":"Projeto de Lei 074/2013 - Contrata\u00e7\u00e3o emergencial e tempor\u00e1ria de um M\u00e9dico Cl\u00ednico Geral","indexacao":"CONTRATA\u00c7\u00c3O TEMPOR\u00c1RIA DE M\u00c9DICO","observacao":"","resultado":"","texto_original":"http://sapl.liberatosalzano.rs.leg.br/media/sapl/public/materialegislativa/2013/18/18_texto_integral.pdf","data_ultima_atualizacao":"2018-09-25T15:45:01.637852-03:00","ip":"","ultima_edicao":null,"tipo":1,"regime_tramitacao":1,"tipo_origem_externa":null,"local_origem_externa":null,"user":null,"anexadas":[],"autores":[10]}