{"id":739,"__str__":"Requerimento de Licen\u00e7a n\u00ba 3 de 2021","link_detail_backend":"/materia/739","metadata":{},"numero":3,"ano":2021,"numero_protocolo":57,"data_apresentacao":"2021-06-22","tipo_apresentacao":"","data_publicacao":null,"numero_origem_externa":"","ano_origem_externa":null,"data_origem_externa":null,"apelido":"","dias_prazo":null,"data_fim_prazo":null,"em_tramitacao":true,"polemica":false,"objeto":"","complementar":false,"ementa":"Requerimento de Licen\u00e7a 03/2021 - Requerendo licen\u00e7a do cargo no m\u00eas de julho de 2021","indexacao":"","observacao":"","resultado":"","texto_original":"http://sapl.liberatosalzano.rs.leg.br/media/sapl/public/materialegislativa/2021/739/req._licenca_ver._andrea_julho_2021.pdf","data_ultima_atualizacao":"2021-06-22T14:04:45.054086-03:00","ip":"","ultima_edicao":null,"tipo":12,"regime_tramitacao":1,"tipo_origem_externa":null,"local_origem_externa":null,"user":null,"anexadas":[],"autores":[45]}