{"id":760,"__str__":"Indica\u00e7\u00e3o n\u00ba 11 de 2021","link_detail_backend":"/materia/760","metadata":{},"numero":11,"ano":2021,"numero_protocolo":78,"data_apresentacao":"2021-08-02","tipo_apresentacao":"","data_publicacao":null,"numero_origem_externa":"","ano_origem_externa":null,"data_origem_externa":null,"apelido":"","dias_prazo":null,"data_fim_prazo":null,"em_tramitacao":true,"polemica":false,"objeto":"","complementar":false,"ementa":"Indica\u00e7\u00e3o 011/2021 - Inclus\u00e3o do Dia do Evang\u00e9lico no calend\u00e1rio do Munic\u00edpio.","indexacao":"","observacao":"","resultado":"","texto_original":"http://sapl.liberatosalzano.rs.leg.br/media/sapl/public/materialegislativa/2021/760/indicacao_11.2021_magrao_-_inclusao_no_calendario_muncipio_do_dia_do_evangelico.pdf","data_ultima_atualizacao":"2021-08-02T10:39:29.127434-03:00","ip":"200.71.120.34","ultima_edicao":"2021-08-02T10:39:28.888831-03:00","tipo":8,"regime_tramitacao":1,"tipo_origem_externa":null,"local_origem_externa":null,"user":38,"anexadas":[],"autores":[39]}