{"id":785,"__str__":"Requerimento de Licen\u00e7a n\u00ba 6 de 2021","link_detail_backend":"/materia/785","metadata":{},"numero":6,"ano":2021,"numero_protocolo":103,"data_apresentacao":"2021-10-06","tipo_apresentacao":"","data_publicacao":null,"numero_origem_externa":"","ano_origem_externa":null,"data_origem_externa":null,"apelido":"","dias_prazo":null,"data_fim_prazo":null,"em_tramitacao":true,"polemica":false,"objeto":"","complementar":false,"ementa":"Requerimento de Licen\u00e7a 06/2021 Requerendo Licen\u00e7a do Cargo pelo per\u00edodo de 30 dias no m\u00eas de novembro de 2021","indexacao":"","observacao":"","resultado":"","texto_original":"http://sapl.liberatosalzano.rs.leg.br/media/sapl/public/materialegislativa/2021/785/req._licenca_ver._andrea_novembro_2021.pdf","data_ultima_atualizacao":"2021-10-06T09:50:37.435896-03:00","ip":"","ultima_edicao":null,"tipo":12,"regime_tramitacao":1,"tipo_origem_externa":null,"local_origem_externa":null,"user":null,"anexadas":[],"autores":[45]}