{"id":916,"__str__":"Projeto de Lei Ordin\u00e1ria n\u00ba 26 de 2023","link_detail_backend":"/materia/916","metadata":{},"numero":26,"ano":2023,"numero_protocolo":28,"data_apresentacao":"2023-04-18","tipo_apresentacao":"","data_publicacao":null,"numero_origem_externa":"","ano_origem_externa":null,"data_origem_externa":null,"apelido":"","dias_prazo":null,"data_fim_prazo":null,"em_tramitacao":false,"polemica":false,"objeto":"","complementar":false,"ementa":"\u201cABRE CR\u00c9DITO ADICIONAL/SUPLEMENTAR NO OR\u00c7AMENTO/PROGRAMA/A\u00c7\u00c3O DO PLANO PLURIANUAL, DA LEI DE DIRETRIZES OR\u00c7AMENT\u00c1RIAS E DA LEI OR\u00c7AMENT\u00c1RIA ANUAL PARA O EXERC\u00cdCIO DE 2023.\u201d","indexacao":"","observacao":"","resultado":"","texto_original":"http://sapl.liberatosalzano.rs.leg.br/media/sapl/public/materialegislativa/2023/916/projeto_de_lei_no_26_-_compensacao_de_regimes.pdf","data_ultima_atualizacao":"2023-05-08T14:18:18.380703-03:00","ip":"","ultima_edicao":null,"tipo":1,"regime_tramitacao":1,"tipo_origem_externa":null,"local_origem_externa":null,"user":null,"anexadas":[],"autores":[10]}