{"id":1679,"__str__":"Requerimento de Licen\u00e7a n\u00ba 1 de 2018 | Proposi\u00e7\u00e3o inclusa na Ordem do Dia | 23/08/2018","link_detail_backend":"/materia/tramitacao/1679","metadata":{},"timestamp":"2018-09-25T15:44:50.340274-03:00","data_tramitacao":"2018-08-23","data_encaminhamento":null,"urgente":false,"turno":"","texto":"AO PLEN\u00c1RIO PARA VOTA\u00c7\u00c3O","data_fim_prazo":null,"ip":"","ultima_edicao":null,"status":3,"materia":510,"unidade_tramitacao_local":1,"unidade_tramitacao_destino":2,"user":null}